{"id":1361828,"date":"2016-03-20T13:42:23","date_gmt":"2016-03-20T11:42:23","guid":{"rendered":"http:\/\/www2.realat.lv\/lv\/?p=1361828"},"modified":"2016-03-20T13:42:23","modified_gmt":"2016-03-20T11:42:23","slug":"majokla-planosana-cik-kvadratmetrus-rekinat-vienam-cilvekam","status":"publish","type":"post","link":"https:\/\/www2.realat.lv\/lv\/zina\/majokla-planosana-cik-kvadratmetrus-rekinat-vienam-cilvekam\/","title":{"rendered":"M\u0101jok\u013ca pl\u0101no\u0161ana: cik kvadr\u0101tmetrus r\u0113\u0137in\u0101t vienam cilv\u0113kam?"},"content":{"rendered":"<p><\/p>\n<div class=\"article-lead\"><strong>V\u0113stures gait\u0101 esam piedz\u012bvoju\u0161i gan zemnieku b\u016bdi\u0146as, gan viens\u0113tas, gan komun\u0101los dz\u012bvok\u013cus un\u00a0<em>hru\u0161\u00ad\u010dovkas<\/em>, gan lielo m\u0101ju cel\u0161anas bumu. Cik kvadr\u0101tmetru vajadz\u012bgs, lai dz\u012bve b\u016btu komfortabla?<\/strong><\/div>\n<div id=\"bodyText\" class=\"article-body\">\n<p>R\u0113\u0137inot uz vienu cilv\u0113ku, 30 m<sup>2<\/sup>\u00a0ir pietiekami komfortablai sadz\u012bvei, uzskata ergonomikas speci\u0101listi, \u2013 tikai arhitektam j\u0101prot \u0161os kvadr\u0101tmetrus pareizi un gudri izpl\u0101not. Bl\u012bvi apdz\u012bvot\u0101s zem\u0113s, t\u0101d\u0101s k\u0101 Jap\u0101na, \u0136\u012bna, Vjetnama, priv\u0101tm\u0101jas ir \u013coti mazas, un 30 m<sup>2<\/sup>\u00a0m\u0101ja skait\u0101s vid\u0113ja lieluma. Vi\u0146i pl\u0101no sadz\u012bvi vair\u0101kos l\u012bme\u0146os, starpst\u0101vos, \u013coti ekonomiski izmantojot plat\u012bbu. L\u012bdz ar to m\u0101jinieki atrodas nemit\u012bg\u0101 kust\u012bb\u0101, kas n\u0101k par labu vesel\u012bbai. Turpretim eiropie\u0161us nogalinot slinkums un mazkust\u012bba, dom\u0101 zin\u0101tnieki.<\/p>\n<p>Varb\u016bt iebild\u012bsiet, ka t\u0101 saucam\u0101s\u00a0<em>hru\u0161\u010dovkas<\/em>\u00a0ar nelielajiem izm\u0113riem jau nu gan nav nek\u0101ds paraugs \u0113rtai dz\u012bvei, tom\u0113r j\u0101atz\u012bm\u0113, ka \u0161ajos projektos pl\u0101nojumi bija ergonomisk\u0101ki par v\u0113l\u0101k tapu\u0161ajiem dz\u012bvok\u013ciem devi\u0146st\u0101vu m\u0101j\u0101s u. c. Ja vien \u0161\u012bs \u0113kas b\u016btu kvalitat\u012bv\u0101k b\u016bv\u0113tas, ar m\u016bsdienu apdares materi\u0101liem un tehnolo\u0123ij\u0101m, dz\u012bvojam\u0101 plat\u012bba nedaudz liel\u0101ka, konceptu\u0101li tie b\u016btu labi m\u0101jok\u013ci vientu\u013cniekiem vai jaun\u0101m \u0123imen\u0113m. Protams, tas dom\u0101ts k\u0101 pirmais m\u0101joklis.<\/p>\n<p><a class=\"ttl_link textTag_44647208\" title=\"\u0122imene\" href=\"http:\/\/www.delfi.lv\/temas\/gimene-0\" target=\"_blank\">\u0122imenei<\/a>\u00a0papla\u0161inoties, nepiecie\u0161ams kas liel\u0101ks. Tagad diezgan lielu popularit\u0101ti ieguvu\u0161as t\u0101 saucam\u0101s modu\u013cu tipa m\u0101jas, kas nep\u0101rsniedz 50 \u2013 60 m<sup>2<\/sup>. Te, l\u016bk, par\u0101d\u0101s latvie\u0161a iedzimt\u0101 v\u0113lme b\u016bt atsevi\u0161\u0137i, b\u016bt noteic\u0113jam p\u0101r savu m\u0101ju un apk\u0101rtni. \u0160\u0101du m\u0101jok\u013cu pluss neap\u0161aub\u0101mi ir ar\u012b piem\u0101jas zemes ple\u0137\u012btis \u2013 kaut neliels, bet savs. L\u012bdz\u012bgi darbojas ar\u012b rindu m\u0101ju princips.<\/p>\n<p>Priv\u0101tm\u0101jas lielums atkar\u012bgs no t\u0101, cik cilv\u0113ku taj\u0101 dz\u012bvos. Pirms padsmit gadiem, kad kred\u012bti bira straum\u0113m, tika uzb\u016bv\u0113ta ne viena vien milz\u012bga m\u0101ja, kas dr\u012bz vien st\u0101v\u0113ja tuk\u0161a un neapdz\u012bvota. Ilgas p\u0113c pla\u0161uma p\u0101r\u0146\u0113ma veselo sapr\u0101tu, bet m\u0101jai t\u0101pat k\u0101 sunim nepiecie\u0161amas r\u016bpes un ieguld\u012bjums (apsaimnieko\u0161ana), par ko tika piemirsts. Nu, l\u016bk, atgrie\u017eamies pie kvadr\u0101tmetriem. \u0145emot v\u0113r\u0101 minim\u0101lo m<sup>2<\/sup>\u00a0skaitu uz cilv\u0113ku, priv\u0101tm\u0101jai, kur\u0101 dz\u012bvos tr\u012bs cilv\u0113ki, b\u016bs gana ar 100 m<sup>2<\/sup>. Galvenais, lai m\u0101jokl\u012b katram iedz\u012bvot\u0101jam b\u016btu zona, ko vi\u0146\u0161 var saukt tikai par savu, un kop\u0113ja atp\u016btas vieta visiem, kur justies omul\u012bgi un nepiespiesti (tai pat nav j\u0101b\u016bt atsevi\u0161\u0137ai telpai \u2013 tas var b\u016bt ar\u012b liels d\u012bv\u0101ns, uz kura \u0113rti iek\u0101rtojas visa \u0123imene, lai kop\u012bgi vakar\u0113tu).<\/p>\n<p>V\u0113l viena iez\u012bme m\u016bsdienu dz\u012bves stil\u0101 \u2013 izpl\u016bdu\u0161as robe\u017eas starp priv\u0101to un sabiedrisko telpu. Tas noz\u012bm\u0113, ka m\u0101jokl\u012b ien\u0101k t\u0101das telpas, kas agr\u0101k nav biju\u0161as pieder\u012bgas m\u0101jai. Piem\u0113ram, m\u0101jas spa, trena\u017eieru telpas, kinoz\u0101les, profesion\u0101las virtuves, baseini utt. \u0160\u0101das telpas aizvien bie\u017e\u0101k ietvertas tur\u012bgo pirc\u0113ju v\u0113lmju sarakst\u0101. Tom\u0113r kaut ko no t\u0101 visa iek\u0101ro ar\u012b vienk\u0101r\u0161\u0101 iedz\u012bvot\u0101ja \u0123imene. Un tam visam ir nepiecie\u0161ami papildu kvadr\u0101tmetri! Lieki teikt \u2013 varb\u016bt v\u0113rts apsv\u0113rt, cik bie\u017ei un intens\u012bvi \u0161\u012bs zonas izmantos. Ne velti ir m\u0101jas, kur\u0101s saimnieki m\u0113ne\u0161iem ilgi nelieto vair\u0101kas istabas vai pat st\u0101vu. Bet, ja kaut ko ilgsto\u0161i nelieto, t\u0101tad tas ir lieks!<\/p>\n<p>Nedaudz at\u0161\u0137ir\u012bgs, bet labs piem\u0113rs nep\u0101rdom\u0101tiem izdevumiem un funkcionalit\u0101tei ir malkas kam\u012bns daudzdz\u012bvok\u013cu \u0113kas dz\u012bvokl\u012b, kas bie\u017ei tiek iekurts vien p\u0101ris rei\u017eu gad\u0101 (bet cik daudz l\u012bdzek\u013cu, laika un p\u016b\u013cu tika izlietots, to ier\u012bkojot\u2026).<\/p>\n<p>Un k\u0101 ar vasarn\u012bcu? Daudziem pils\u0113t\u0101 ir pietiekami pla\u0161s un komfortabls dz\u012bvoklis, bet vasar\u0101 t\u0101 vien gribas uz laukiem. Cik lielai j\u0101b\u016bt vasaras atp\u016btas salai, nami\u0146am? Te galvenais neaizmirst, k\u0101p\u0113c \u0161\u012b m\u0101ja tiek ieg\u0101d\u0101ta \u2013 ne jau lai s\u0113d\u0113tu telp\u0101s, bet lai p\u0113c iesp\u0113jas vair\u0101k laika pavad\u012btu svaig\u0101 gais\u0101. L\u016bk, atbilde \u2013 vasarn\u012bc\u0101 j\u0101b\u016bt pietiekamam daudzumam gu\u013cvietu (ne istabu), \u0113rtai virtuvei un vienai liel\u0101kai dz\u012bvojamajai telpai (gad\u012bjum\u0101 ja vasara nav padevusies). P\u0101r\u0113jie p\u016bli\u0146i j\u0101velta pla\u0161\u0101kai \u0101ra teritorijas iek\u0101rto\u0161anai.<\/p>\n<p>Secin\u0101jums viens \u2013 izv\u0113loties m\u0101jok\u013ca plat\u012bbu, vair\u0101k dom\u0101sim par kvalit\u0101ti, \u0113rtu pl\u0101nojumu un noska\u0146u, lai cilv\u0113kam konkr\u0113taj\u0101 m\u0101jokl\u012b grib\u0113tos dz\u012bvot, nevis staig\u0101t no vienas telpas uz otru.<\/p>\n<p>delfi.lv<\/p>\n<\/div>\n<p><\/p>","protected":false},"excerpt":{"rendered":"<p>V\u0113stures gait\u0101 esam piedz\u012bvoju\u0161i gan zemnieku b\u016bdi\u0146as, gan viens\u0113tas, gan komun\u0101los dz\u012bvok\u013cus un\u00a0hru\u0161\u00ad\u010dovkas, gan lielo m\u0101ju cel\u0161anas bumu. Cik kvadr\u0101tmetru vajadz\u012bgs, lai dz\u012bve b\u016btu komfortabla? R\u0113\u0137inot uz vienu cilv\u0113ku, 30&#8230; <\/p>\n","protected":false},"author":2,"featured_media":1361829,"comment_status":"open","ping_status":"closed","sticky":false,"template":"","format":"standard","meta":{"footnotes":""},"categories":[35],"tags":[],"class_list":["post-1361828","post","type-post","status-publish","format-standard","has-post-thumbnail","hentry","category-zina"],"yoast_head":"<!-- This site is optimized with the Yoast SEO plugin v26.9 - https:\/\/yoast.com\/product\/yoast-seo-wordpress\/ -->\n<title>M\u0101jok\u013ca pl\u0101no\u0161ana: cik kvadr\u0101tmetrus r\u0113\u0137in\u0101t vienam cilv\u0113kam? - REALAT.lv<\/title>\n<meta name=\"robots\" content=\"index, follow, max-snippet:-1, max-image-preview:large, max-video-preview:-1\" \/>\n<meta name=\"twitter:card\" content=\"summary_large_image\" \/>\n<meta name=\"twitter:title\" content=\"M\u0101jok\u013ca pl\u0101no\u0161ana: cik kvadr\u0101tmetrus r\u0113\u0137in\u0101t vienam cilv\u0113kam? - REALAT.lv\" \/>\n<meta name=\"twitter:description\" content=\"V\u0113stures gait\u0101 esam piedz\u012bvoju\u0161i gan zemnieku b\u016bdi\u0146as, gan viens\u0113tas, gan komun\u0101los dz\u012bvok\u013cus un\u00a0hru\u0161\u00ad\u010dovkas, gan lielo m\u0101ju cel\u0161anas bumu. Cik kvadr\u0101tmetru vajadz\u012bgs, lai dz\u012bve b\u016btu komfortabla? R\u0113\u0137inot uz vienu cilv\u0113ku, 30...\" \/>\n<meta name=\"twitter:image\" content=\"https:\/\/www2.realat.lv\/wp-content\/uploads\/2016\/03\/komforts-atputa-aizkari-paklajs-46969395.jpg\" \/>\n<meta name=\"twitter:label1\" content=\"Written by\" \/>\n\t<meta name=\"twitter:data1\" content=\"realat\" \/>\n\t<meta name=\"twitter:label2\" content=\"Est. reading time\" \/>\n\t<meta name=\"twitter:data2\" content=\"4 minutes\" \/>\n<script type=\"application\/ld+json\" class=\"yoast-schema-graph\">{\"@context\":\"https:\/\/schema.org\",\"@graph\":[{\"@type\":\"Article\",\"@id\":\"https:\/\/www2.realat.lv\/lv\/zina\/majokla-planosana-cik-kvadratmetrus-rekinat-vienam-cilvekam\/#article\",\"isPartOf\":{\"@id\":\"https:\/\/www2.realat.lv\/lv\/zina\/majokla-planosana-cik-kvadratmetrus-rekinat-vienam-cilvekam\/\"},\"author\":{\"name\":\"realat\",\"@id\":\"https:\/\/www2.realat.lv\/en\/#\/schema\/person\/f3d1c0be9fb8fa7ae311dc2f82734608\"},\"headline\":\"M\u0101jok\u013ca pl\u0101no\u0161ana: cik kvadr\u0101tmetrus r\u0113\u0137in\u0101t vienam cilv\u0113kam?\",\"datePublished\":\"2016-03-20T11:42:23+00:00\",\"mainEntityOfPage\":{\"@id\":\"https:\/\/www2.realat.lv\/lv\/zina\/majokla-planosana-cik-kvadratmetrus-rekinat-vienam-cilvekam\/\"},\"wordCount\":874,\"commentCount\":0,\"image\":{\"@id\":\"https:\/\/www2.realat.lv\/lv\/zina\/majokla-planosana-cik-kvadratmetrus-rekinat-vienam-cilvekam\/#primaryimage\"},\"thumbnailUrl\":\"https:\/\/www2.realat.lv\/wp-content\/uploads\/2016\/03\/komforts-atputa-aizkari-paklajs-46969395.jpg\",\"articleSection\":[\"ZI\u0145AS\"],\"inLanguage\":\"lv-LV\",\"potentialAction\":[{\"@type\":\"CommentAction\",\"name\":\"Comment\",\"target\":[\"https:\/\/www2.realat.lv\/lv\/zina\/majokla-planosana-cik-kvadratmetrus-rekinat-vienam-cilvekam\/#respond\"]}]},{\"@type\":\"WebPage\",\"@id\":\"https:\/\/www2.realat.lv\/lv\/zina\/majokla-planosana-cik-kvadratmetrus-rekinat-vienam-cilvekam\/\",\"url\":\"https:\/\/www2.realat.lv\/lv\/zina\/majokla-planosana-cik-kvadratmetrus-rekinat-vienam-cilvekam\/\",\"name\":\"M\u0101jok\u013ca pl\u0101no\u0161ana: cik kvadr\u0101tmetrus r\u0113\u0137in\u0101t vienam cilv\u0113kam? - REALAT.lv\",\"isPartOf\":{\"@id\":\"https:\/\/www2.realat.lv\/en\/#website\"},\"primaryImageOfPage\":{\"@id\":\"https:\/\/www2.realat.lv\/lv\/zina\/majokla-planosana-cik-kvadratmetrus-rekinat-vienam-cilvekam\/#primaryimage\"},\"image\":{\"@id\":\"https:\/\/www2.realat.lv\/lv\/zina\/majokla-planosana-cik-kvadratmetrus-rekinat-vienam-cilvekam\/#primaryimage\"},\"thumbnailUrl\":\"https:\/\/www2.realat.lv\/wp-content\/uploads\/2016\/03\/komforts-atputa-aizkari-paklajs-46969395.jpg\",\"datePublished\":\"2016-03-20T11:42:23+00:00\",\"author\":{\"@id\":\"https:\/\/www2.realat.lv\/en\/#\/schema\/person\/f3d1c0be9fb8fa7ae311dc2f82734608\"},\"breadcrumb\":{\"@id\":\"https:\/\/www2.realat.lv\/lv\/zina\/majokla-planosana-cik-kvadratmetrus-rekinat-vienam-cilvekam\/#breadcrumb\"},\"inLanguage\":\"lv-LV\",\"potentialAction\":[{\"@type\":\"ReadAction\",\"target\":[\"https:\/\/www2.realat.lv\/lv\/zina\/majokla-planosana-cik-kvadratmetrus-rekinat-vienam-cilvekam\/\"]}]},{\"@type\":\"ImageObject\",\"inLanguage\":\"lv-LV\",\"@id\":\"https:\/\/www2.realat.lv\/lv\/zina\/majokla-planosana-cik-kvadratmetrus-rekinat-vienam-cilvekam\/#primaryimage\",\"url\":\"https:\/\/www2.realat.lv\/wp-content\/uploads\/2016\/03\/komforts-atputa-aizkari-paklajs-46969395.jpg\",\"contentUrl\":\"https:\/\/www2.realat.lv\/wp-content\/uploads\/2016\/03\/komforts-atputa-aizkari-paklajs-46969395.jpg\",\"width\":659,\"height\":379},{\"@type\":\"BreadcrumbList\",\"@id\":\"https:\/\/www2.realat.lv\/lv\/zina\/majokla-planosana-cik-kvadratmetrus-rekinat-vienam-cilvekam\/#breadcrumb\",\"itemListElement\":[{\"@type\":\"ListItem\",\"position\":1,\"name\":\"Home\",\"item\":\"https:\/\/www2.realat.lv\/en\/\"},{\"@type\":\"ListItem\",\"position\":2,\"name\":\"M\u0101jok\u013ca pl\u0101no\u0161ana: cik kvadr\u0101tmetrus r\u0113\u0137in\u0101t vienam cilv\u0113kam?\"}]},{\"@type\":\"WebSite\",\"@id\":\"https:\/\/www2.realat.lv\/en\/#website\",\"url\":\"https:\/\/www2.realat.lv\/en\/\",\"name\":\"REALAT.lv\",\"description\":\"Nekustamie \u012bpa\u0161umi, iz\u012br\u0113, iznom\u0101 un p\u0101rdod, dz\u012bvok\u013ci, m\u0101jas, zemes, komerc\u012bpa\u0161umi, invest\u012bciju projekti, starpniec\u012bbas pakalpojumi.\",\"potentialAction\":[{\"@type\":\"SearchAction\",\"target\":{\"@type\":\"EntryPoint\",\"urlTemplate\":\"https:\/\/www2.realat.lv\/en\/?s={search_term_string}\"},\"query-input\":{\"@type\":\"PropertyValueSpecification\",\"valueRequired\":true,\"valueName\":\"search_term_string\"}}],\"inLanguage\":\"lv-LV\"},{\"@type\":\"Person\",\"@id\":\"https:\/\/www2.realat.lv\/en\/#\/schema\/person\/f3d1c0be9fb8fa7ae311dc2f82734608\",\"name\":\"realat\",\"image\":{\"@type\":\"ImageObject\",\"inLanguage\":\"lv-LV\",\"@id\":\"https:\/\/www2.realat.lv\/en\/#\/schema\/person\/image\/\",\"url\":\"https:\/\/secure.gravatar.com\/avatar\/2917d759f96effc10e573f7396b1092db50a3fccd762610d79a4d7bc3a666847?s=96&d=mm&r=g\",\"contentUrl\":\"https:\/\/secure.gravatar.com\/avatar\/2917d759f96effc10e573f7396b1092db50a3fccd762610d79a4d7bc3a666847?s=96&d=mm&r=g\",\"caption\":\"realat\"},\"url\":\"https:\/\/www2.realat.lv\/lv\/author\/realat\/\"}]}<\/script>\n<!-- \/ Yoast SEO plugin. -->","yoast_head_json":{"title":"M\u0101jok\u013ca pl\u0101no\u0161ana: cik kvadr\u0101tmetrus r\u0113\u0137in\u0101t vienam cilv\u0113kam? - REALAT.lv","robots":{"index":"index","follow":"follow","max-snippet":"max-snippet:-1","max-image-preview":"max-image-preview:large","max-video-preview":"max-video-preview:-1"},"twitter_card":"summary_large_image","twitter_title":"M\u0101jok\u013ca pl\u0101no\u0161ana: cik kvadr\u0101tmetrus r\u0113\u0137in\u0101t vienam cilv\u0113kam? - REALAT.lv","twitter_description":"V\u0113stures gait\u0101 esam piedz\u012bvoju\u0161i gan zemnieku b\u016bdi\u0146as, gan viens\u0113tas, gan komun\u0101los dz\u012bvok\u013cus un\u00a0hru\u0161\u00ad\u010dovkas, gan lielo m\u0101ju cel\u0161anas bumu. Cik kvadr\u0101tmetru vajadz\u012bgs, lai dz\u012bve b\u016btu komfortabla? R\u0113\u0137inot uz vienu cilv\u0113ku, 30...","twitter_image":"https:\/\/www2.realat.lv\/wp-content\/uploads\/2016\/03\/komforts-atputa-aizkari-paklajs-46969395.jpg","twitter_misc":{"Written by":"realat","Est. reading time":"4 minutes"},"schema":{"@context":"https:\/\/schema.org","@graph":[{"@type":"Article","@id":"https:\/\/www2.realat.lv\/lv\/zina\/majokla-planosana-cik-kvadratmetrus-rekinat-vienam-cilvekam\/#article","isPartOf":{"@id":"https:\/\/www2.realat.lv\/lv\/zina\/majokla-planosana-cik-kvadratmetrus-rekinat-vienam-cilvekam\/"},"author":{"name":"realat","@id":"https:\/\/www2.realat.lv\/en\/#\/schema\/person\/f3d1c0be9fb8fa7ae311dc2f82734608"},"headline":"M\u0101jok\u013ca pl\u0101no\u0161ana: cik kvadr\u0101tmetrus r\u0113\u0137in\u0101t vienam cilv\u0113kam?","datePublished":"2016-03-20T11:42:23+00:00","mainEntityOfPage":{"@id":"https:\/\/www2.realat.lv\/lv\/zina\/majokla-planosana-cik-kvadratmetrus-rekinat-vienam-cilvekam\/"},"wordCount":874,"commentCount":0,"image":{"@id":"https:\/\/www2.realat.lv\/lv\/zina\/majokla-planosana-cik-kvadratmetrus-rekinat-vienam-cilvekam\/#primaryimage"},"thumbnailUrl":"https:\/\/www2.realat.lv\/wp-content\/uploads\/2016\/03\/komforts-atputa-aizkari-paklajs-46969395.jpg","articleSection":["ZI\u0145AS"],"inLanguage":"lv-LV","potentialAction":[{"@type":"CommentAction","name":"Comment","target":["https:\/\/www2.realat.lv\/lv\/zina\/majokla-planosana-cik-kvadratmetrus-rekinat-vienam-cilvekam\/#respond"]}]},{"@type":"WebPage","@id":"https:\/\/www2.realat.lv\/lv\/zina\/majokla-planosana-cik-kvadratmetrus-rekinat-vienam-cilvekam\/","url":"https:\/\/www2.realat.lv\/lv\/zina\/majokla-planosana-cik-kvadratmetrus-rekinat-vienam-cilvekam\/","name":"M\u0101jok\u013ca pl\u0101no\u0161ana: cik kvadr\u0101tmetrus r\u0113\u0137in\u0101t vienam cilv\u0113kam? - REALAT.lv","isPartOf":{"@id":"https:\/\/www2.realat.lv\/en\/#website"},"primaryImageOfPage":{"@id":"https:\/\/www2.realat.lv\/lv\/zina\/majokla-planosana-cik-kvadratmetrus-rekinat-vienam-cilvekam\/#primaryimage"},"image":{"@id":"https:\/\/www2.realat.lv\/lv\/zina\/majokla-planosana-cik-kvadratmetrus-rekinat-vienam-cilvekam\/#primaryimage"},"thumbnailUrl":"https:\/\/www2.realat.lv\/wp-content\/uploads\/2016\/03\/komforts-atputa-aizkari-paklajs-46969395.jpg","datePublished":"2016-03-20T11:42:23+00:00","author":{"@id":"https:\/\/www2.realat.lv\/en\/#\/schema\/person\/f3d1c0be9fb8fa7ae311dc2f82734608"},"breadcrumb":{"@id":"https:\/\/www2.realat.lv\/lv\/zina\/majokla-planosana-cik-kvadratmetrus-rekinat-vienam-cilvekam\/#breadcrumb"},"inLanguage":"lv-LV","potentialAction":[{"@type":"ReadAction","target":["https:\/\/www2.realat.lv\/lv\/zina\/majokla-planosana-cik-kvadratmetrus-rekinat-vienam-cilvekam\/"]}]},{"@type":"ImageObject","inLanguage":"lv-LV","@id":"https:\/\/www2.realat.lv\/lv\/zina\/majokla-planosana-cik-kvadratmetrus-rekinat-vienam-cilvekam\/#primaryimage","url":"https:\/\/www2.realat.lv\/wp-content\/uploads\/2016\/03\/komforts-atputa-aizkari-paklajs-46969395.jpg","contentUrl":"https:\/\/www2.realat.lv\/wp-content\/uploads\/2016\/03\/komforts-atputa-aizkari-paklajs-46969395.jpg","width":659,"height":379},{"@type":"BreadcrumbList","@id":"https:\/\/www2.realat.lv\/lv\/zina\/majokla-planosana-cik-kvadratmetrus-rekinat-vienam-cilvekam\/#breadcrumb","itemListElement":[{"@type":"ListItem","position":1,"name":"Home","item":"https:\/\/www2.realat.lv\/en\/"},{"@type":"ListItem","position":2,"name":"M\u0101jok\u013ca pl\u0101no\u0161ana: cik kvadr\u0101tmetrus r\u0113\u0137in\u0101t vienam cilv\u0113kam?"}]},{"@type":"WebSite","@id":"https:\/\/www2.realat.lv\/en\/#website","url":"https:\/\/www2.realat.lv\/en\/","name":"REALAT.lv","description":"Nekustamie \u012bpa\u0161umi, iz\u012br\u0113, iznom\u0101 un p\u0101rdod, dz\u012bvok\u013ci, m\u0101jas, zemes, komerc\u012bpa\u0161umi, invest\u012bciju projekti, starpniec\u012bbas pakalpojumi.","potentialAction":[{"@type":"SearchAction","target":{"@type":"EntryPoint","urlTemplate":"https:\/\/www2.realat.lv\/en\/?s={search_term_string}"},"query-input":{"@type":"PropertyValueSpecification","valueRequired":true,"valueName":"search_term_string"}}],"inLanguage":"lv-LV"},{"@type":"Person","@id":"https:\/\/www2.realat.lv\/en\/#\/schema\/person\/f3d1c0be9fb8fa7ae311dc2f82734608","name":"realat","image":{"@type":"ImageObject","inLanguage":"lv-LV","@id":"https:\/\/www2.realat.lv\/en\/#\/schema\/person\/image\/","url":"https:\/\/secure.gravatar.com\/avatar\/2917d759f96effc10e573f7396b1092db50a3fccd762610d79a4d7bc3a666847?s=96&d=mm&r=g","contentUrl":"https:\/\/secure.gravatar.com\/avatar\/2917d759f96effc10e573f7396b1092db50a3fccd762610d79a4d7bc3a666847?s=96&d=mm&r=g","caption":"realat"},"url":"https:\/\/www2.realat.lv\/lv\/author\/realat\/"}]}},"post_mailing_queue_ids":[],"_links":{"self":[{"href":"https:\/\/www2.realat.lv\/lv\/wp-json\/wp\/v2\/posts\/1361828","targetHints":{"allow":["GET"]}}],"collection":[{"href":"https:\/\/www2.realat.lv\/lv\/wp-json\/wp\/v2\/posts"}],"about":[{"href":"https:\/\/www2.realat.lv\/lv\/wp-json\/wp\/v2\/types\/post"}],"author":[{"embeddable":true,"href":"https:\/\/www2.realat.lv\/lv\/wp-json\/wp\/v2\/users\/2"}],"replies":[{"embeddable":true,"href":"https:\/\/www2.realat.lv\/lv\/wp-json\/wp\/v2\/comments?post=1361828"}],"version-history":[{"count":0,"href":"https:\/\/www2.realat.lv\/lv\/wp-json\/wp\/v2\/posts\/1361828\/revisions"}],"wp:featuredmedia":[{"embeddable":true,"href":"https:\/\/www2.realat.lv\/lv\/wp-json\/wp\/v2\/media\/1361829"}],"wp:attachment":[{"href":"https:\/\/www2.realat.lv\/lv\/wp-json\/wp\/v2\/media?parent=1361828"}],"wp:term":[{"taxonomy":"category","embeddable":true,"href":"https:\/\/www2.realat.lv\/lv\/wp-json\/wp\/v2\/categories?post=1361828"},{"taxonomy":"post_tag","embeddable":true,"href":"https:\/\/www2.realat.lv\/lv\/wp-json\/wp\/v2\/tags?post=1361828"}],"curies":[{"name":"wp","href":"https:\/\/api.w.org\/{rel}","templated":true}]}}